{"id":646,"date":"2020-02-07T13:45:46","date_gmt":"2020-02-07T12:45:46","guid":{"rendered":"https:\/\/www.inerco.com\/blog\/?p=646"},"modified":"2020-02-12T13:54:27","modified_gmt":"2020-02-12T12:54:27","slug":"estudios-acusticos-como-realizamos-el-analisis-del-entorno-acustico","status":"publish","type":"post","link":"https:\/\/www.inerco.com\/blog\/estudios-acusticos-como-realizamos-el-analisis-del-entorno-acustico\/","title":{"rendered":"Estudios ac\u00fasticos: c\u00f3mo realizamos el an\u00e1lisis del entorno ac\u00fastico"},"content":{"rendered":"\n<p>Los <strong>l\u00edmites sonoros ambientales<\/strong> est\u00e1n siempre condicionados por una determinada catalogaci\u00f3n ac\u00fastica del uso del suelo, lo que el <a href=\"https:\/\/www.boe.es\/eli\/es\/rd\/2007\/10\/19\/1367\/dof\/spa\/pdf\">RD 1367\/07 determina en su Cap\u00edtulo III como \u2018Zonificaci\u00f3n Ac\u00fastica\u2019<\/a>. <\/p>\n\n\n\n<p>Ante esta situaci\u00f3n, a la hora de <strong>poner en marcha un proyecto industrial<\/strong> y tener en cuenta los <strong>estudios ac\u00fasticos<\/strong> necesarios tenemos una primera decisi\u00f3n que tomar: <strong>\u00bfCu\u00e1l es la zonificaci\u00f3n ac\u00fastica del entorno en que se ubica mi nueva actividad industrial? <\/strong>Esta zonificaci\u00f3n no tiene por qu\u00e9 coincidir con otra posible clasificaci\u00f3n urban\u00edstica de los usos del suelo (por ejemplo de un Plan General de Ordenaci\u00f3n Urbana), ni debe estar condicionada por el ruido que exista. E<strong>l Anexo V del RD 1367\/07 especifica claramente c\u00f3mo se realiza esta zonificaci\u00f3n ac\u00fastica<\/strong>, de forma que est\u00e9 o no est\u00e9 esta publicada por alguna Autoridad P\u00fablica Competente (normalmente ayuntamientos), existe un m\u00e9todo \u2014no ac\u00fastico\u2014 para poder realizarla.<\/p>\n\n\n\n<figure class=\"wp-block-image\"><img loading=\"lazy\" decoding=\"async\" width=\"750\" height=\"500\" src=\"https:\/\/www.inerco.com\/blog\/wp-content\/uploads\/2020\/02\/mapa-de-ruido-mina-inerco-acustica.jpg\" alt=\"\" class=\"wp-image-687\" srcset=\"https:\/\/www.inerco.com\/blog\/wp-content\/uploads\/2020\/02\/mapa-de-ruido-mina-inerco-acustica.jpg 750w, https:\/\/www.inerco.com\/blog\/wp-content\/uploads\/2020\/02\/mapa-de-ruido-mina-inerco-acustica-400x267.jpg 400w\" sizes=\"(max-width: 750px) 100vw, 750px\" \/><\/figure>\n\n\n\n<p>Recordemos que esta clasificaci\u00f3n\nlo condiciona todo, por lo que es clave determinar los l\u00edmites de las zonas\nindustriales (tipo B), as\u00ed como la delimitaci\u00f3n de las \u00e1reas residenciales\n(tipo A), como las dos zonificaciones m\u00e1s habituales y delicadas de cualquier\nestudio ac\u00fastico industrial. <\/p>\n\n\n\n<p>Las dificultades pueden aparecer\nsi son sectores del territorio afectados por las infraestructuras del\ntransporte (tipo F) y\/o espacios naturales (tipo G). Para estas \u00e1reas, el RD\n1367\/07 no propone l\u00edmites de obligado cumplimiento, ni de OCA ni de niveles de\ninmisi\u00f3n. Para estos casos, recomendamos identificar cu\u00e1les son estas \u00e1reas y,\nsobre todo, identificar posibles receptores sensibles (normalmente en forma de\nedificaci\u00f3n aislada, o zonas de recreo infantil y similares) dentro de estas\n\u00e1reas para un posterior an\u00e1lisis.<\/p>\n\n\n\n<p><strong>Una vez catalogadas las \u00e1reas ac\u00fasticas (zonificaci\u00f3n realizada) <\/strong>recomendamos buscar informaci\u00f3n p\u00fablica relativa a niveles sonoros ambientales. Existen muchas publicaciones de<strong> mapas de ruido<\/strong> en aglomeraciones, carreteras (y similares), l\u00edneas ferroviarias, puertos y aeropuertos, que deben de servirnos como base respecto a los <em>Ld<\/em>, <em>Le<\/em> y <em>Ln<\/em> del estado preoperacional del entorno en estudio.<\/p>\n\n\n\n<figure class=\"wp-block-image\"><img loading=\"lazy\" decoding=\"async\" width=\"750\" height=\"500\" src=\"https:\/\/www.inerco.com\/blog\/wp-content\/uploads\/2020\/02\/estudios-acusticos-mapa-de-ruido-industria-ciudad-inerco-acustica.jpg\" alt=\"\" class=\"wp-image-689\" srcset=\"https:\/\/www.inerco.com\/blog\/wp-content\/uploads\/2020\/02\/estudios-acusticos-mapa-de-ruido-industria-ciudad-inerco-acustica.jpg 750w, https:\/\/www.inerco.com\/blog\/wp-content\/uploads\/2020\/02\/estudios-acusticos-mapa-de-ruido-industria-ciudad-inerco-acustica-400x267.jpg 400w\" sizes=\"(max-width: 750px) 100vw, 750px\" \/><\/figure>\n\n\n\n<p>Recordemos que la valoraci\u00f3n de\nlos niveles sonoros ambientales se hace a partir de los \u00edndices <em>Ld<\/em>,<em>\nLe<\/em> y <em>Ln<\/em> que hacen referencia a un periodo de evaluaci\u00f3n de 365 d\u00edas\n(un a\u00f1o). Una pr\u00e1ctica usual en ausencia de estudios publicados \u2014pero para nada\nrecomendada\u2014 es llevar a cabo una serie de mediciones de niveles sonoros ambientales\nin situ, de corto tiempo de duraci\u00f3n y en un d\u00eda (ma\u00f1ana \/ tarde\/ noche)\nconcreto, en determinadas ubicaciones, y extrapolar el resultado. <\/p>\n\n\n\n<p>Pero, <strong>\u00bfc\u00f3mo de representativa debe de ser la muestra para poder extrapolar los resultados de mediciones de un (1) d\u00eda a 365 d\u00edas?<\/strong> Desde luego tomar el resultado de medir 15 minutos en continuo, o 60 minutos, o incluso 12 horas para extrapolarlo a un resultado de 4.380 horas que tiene el <em>Ld<\/em> anual tiene sus riesgos. <\/p>\n\n\n\n<p>Nuestra<a href=\"https:\/\/www.inercoacustica.com\/\"> experiencia de m\u00e1s de treinta a\u00f1os en el campo de la ingenier\u00eda ac\u00fastica<\/a> recomiendan completar estas mediciones de niveles sonoros ambientales de corta duraci\u00f3n con una recopilaci\u00f3n de informaci\u00f3n en campo que nos permita modelar el ruido que las actuales fuentes sonoras del entorno: <\/p>\n\n\n\n<ul class=\"wp-block-list\"><li>informaci\u00f3n relativa a la emisi\u00f3n de otras actividades industriales y actividades comerciales (por ejemplo la Norma ISO 3744: 2010 \u201c<em>determinaci\u00f3n de los niveles de potencia ac\u00fastica de las fuentes de ruido a partir de la presi\u00f3n ac\u00fastica. M\u00e9todo de ingenier\u00eda parta condiciones de campo libre sobre un plano reflectante\u201d<\/em> propone m\u00e9todos para ello)<\/li><li>informaci\u00f3n de tr\u00e1fico rodado (carreteras, v\u00edas ferroviarias, etc) tanto en IMDs, como de velocidades, tipos de asfaltos, porcentajes de velocidades, etc.<\/li><li>informaci\u00f3n de emisiones concretas de estas fuentes de ruido.<\/li><\/ul>\n\n\n\n<p>Con toda esta informaci\u00f3n debemos\nrepresentar los <em>Ld, Le<\/em> y <em>Ln<\/em> anuales preoperacionales de forma\ngr\u00e1fica mediante mapas de ruido, usando t\u00e9cnicas de mapas estrat\u00e9gicos de\nruidos. <\/p>\n\n\n\n<blockquote class=\"wp-block-quote is-layout-flow wp-block-quote-is-layout-flow\"><p>Especialmente relevante de esta fase del estudio puede ser detectar \u00e1reas en las que actualmente se est\u00e9n superando los l\u00edmites OCA. Este condicionante debe ser correctamente interpretado durante la evaluaci\u00f3n del impacto ac\u00fastico ambiental de cualquier nueva actividad ruidosa en este entorno, porque debe garantizar que la situaci\u00f3n no empeorar\u00e1.<\/p><\/blockquote>\n\n\n\n<p>En teor\u00eda, cumplir los<strong> l\u00edmites de inmisi\u00f3n<\/strong> sonora por parte de la nueva actividad industrial debe ser suficiente para garantizar esto pero, ojo, que si ya se superan los l\u00edmites OCA posiblemente la nueva actividad tendr\u00e1 unos l\u00edmites m\u00e1s restrictivos de emisi\u00f3n sonora que los marcados en la<a href=\"https:\/\/boe.es\/buscar\/pdf\/2007\/BOE-A-2007-18397-consolidado.pdf\"> Tabla B1 del RD 1367\/07.<\/a><\/p>\n\n\n\n<p>\n\n\u00bfQuieres conocer m\u00e1s,<a href=\"https:\/\/recursos.inerco.com\/suscripcion\"> suscr\u00edbete a nuestro blog y recibe las \u00faltimas novedades en materia de ingenier\u00eda y soluciones ac\u00fasticas<\/a>?\n\n<\/p>\n","protected":false},"excerpt":{"rendered":"<p>Los l\u00edmites sonoros ambientales est\u00e1n siempre condicionados por una determinada catalogaci\u00f3n ac\u00fastica del uso del suelo, lo que el RD 1367\/07 determina en su Cap\u00edtulo III como \u2018Zonificaci\u00f3n Ac\u00fastica\u2019. Ante esta situaci\u00f3n, a la hora de poner en marcha un proyecto industrial y tener en cuenta los estudios ac\u00fasticos necesarios tenemos una primera decisi\u00f3n que [&hellip;]<\/p>\n","protected":false},"author":25,"featured_media":684,"comment_status":"open","ping_status":"open","sticky":false,"template":"","format":"standard","meta":{"footnotes":""},"categories":[7,12,13],"tags":[],"class_list":["post-646","post","type-post","status-publish","format-standard","has-post-thumbnail","hentry","category-general","category-tecnologia-ambiental","category-tecnologia-ingenieria"],"yoast_head":"<!-- This site is optimized with the Yoast SEO plugin v23.6 - https:\/\/yoast.com\/wordpress\/plugins\/seo\/ -->\n<title>Estudios ac\u00fasticos: c\u00f3mo realizamos el an\u00e1lisis del entorno ac\u00fastico - Claves para el Desarrollo Sostenible<\/title>\n<meta name=\"robots\" content=\"index, follow, max-snippet:-1, max-image-preview:large, max-video-preview:-1\" \/>\n<link rel=\"canonical\" href=\"https:\/\/www.inerco.com\/blog\/estudios-acusticos-como-realizamos-el-analisis-del-entorno-acustico\/\" \/>\n<meta property=\"og:locale\" content=\"es_ES\" \/>\n<meta property=\"og:type\" content=\"article\" \/>\n<meta property=\"og:title\" content=\"Estudios ac\u00fasticos: c\u00f3mo realizamos el an\u00e1lisis del entorno ac\u00fastico - Claves para el Desarrollo Sostenible\" \/>\n<meta property=\"og:description\" content=\"Los l\u00edmites sonoros ambientales est\u00e1n siempre condicionados por una determinada catalogaci\u00f3n ac\u00fastica del uso del suelo, lo que el RD 1367\/07 determina en su Cap\u00edtulo III como \u2018Zonificaci\u00f3n Ac\u00fastica\u2019. Ante esta situaci\u00f3n, a la hora de poner en marcha un proyecto industrial y tener en cuenta los estudios ac\u00fasticos necesarios tenemos una primera decisi\u00f3n que [&hellip;]\" \/>\n<meta property=\"og:url\" content=\"https:\/\/www.inerco.com\/blog\/estudios-acusticos-como-realizamos-el-analisis-del-entorno-acustico\/\" \/>\n<meta property=\"og:site_name\" content=\"Claves para el Desarrollo Sostenible\" \/>\n<meta property=\"article:published_time\" content=\"2020-02-07T12:45:46+00:00\" \/>\n<meta property=\"article:modified_time\" content=\"2020-02-12T12:54:27+00:00\" \/>\n<meta property=\"og:image\" content=\"https:\/\/www.inerco.com\/blog\/wp-content\/uploads\/2020\/02\/estudios-acusticos-mapa-de-ruido-inerco.jpg\" \/>\n\t<meta property=\"og:image:width\" content=\"750\" \/>\n\t<meta property=\"og:image:height\" content=\"500\" \/>\n\t<meta property=\"og:image:type\" content=\"image\/jpeg\" \/>\n<meta name=\"author\" content=\"Miguel Morales Rodr\u00edguez\" \/>\n<meta name=\"twitter:card\" content=\"summary_large_image\" \/>\n<meta name=\"twitter:creator\" content=\"@Inerco_\" \/>\n<meta name=\"twitter:site\" content=\"@Inerco_\" \/>\n<meta name=\"twitter:label1\" content=\"Escrito por\" \/>\n\t<meta name=\"twitter:data1\" content=\"Miguel Morales Rodr\u00edguez\" \/>\n\t<meta name=\"twitter:label2\" content=\"Tiempo de lectura\" \/>\n\t<meta name=\"twitter:data2\" content=\"4 minutos\" \/>\n<script type=\"application\/ld+json\" class=\"yoast-schema-graph\">{\"@context\":\"https:\/\/schema.org\",\"@graph\":[{\"@type\":\"WebPage\",\"@id\":\"https:\/\/www.inerco.com\/blog\/estudios-acusticos-como-realizamos-el-analisis-del-entorno-acustico\/\",\"url\":\"https:\/\/www.inerco.com\/blog\/estudios-acusticos-como-realizamos-el-analisis-del-entorno-acustico\/\",\"name\":\"Estudios ac\u00fasticos: c\u00f3mo realizamos el an\u00e1lisis del entorno ac\u00fastico - Claves para el Desarrollo Sostenible\",\"isPartOf\":{\"@id\":\"https:\/\/www.inerco.com\/blog\/#website\"},\"primaryImageOfPage\":{\"@id\":\"https:\/\/www.inerco.com\/blog\/estudios-acusticos-como-realizamos-el-analisis-del-entorno-acustico\/#primaryimage\"},\"image\":{\"@id\":\"https:\/\/www.inerco.com\/blog\/estudios-acusticos-como-realizamos-el-analisis-del-entorno-acustico\/#primaryimage\"},\"thumbnailUrl\":\"https:\/\/www.inerco.com\/blog\/wp-content\/uploads\/2020\/02\/estudios-acusticos-mapa-de-ruido-inerco.jpg\",\"datePublished\":\"2020-02-07T12:45:46+00:00\",\"dateModified\":\"2020-02-12T12:54:27+00:00\",\"author\":{\"@id\":\"https:\/\/www.inerco.com\/blog\/#\/schema\/person\/6b41ca6d241ce966eaef7dc5bcc9f508\"},\"breadcrumb\":{\"@id\":\"https:\/\/www.inerco.com\/blog\/estudios-acusticos-como-realizamos-el-analisis-del-entorno-acustico\/#breadcrumb\"},\"inLanguage\":\"es\",\"potentialAction\":[{\"@type\":\"ReadAction\",\"target\":[\"https:\/\/www.inerco.com\/blog\/estudios-acusticos-como-realizamos-el-analisis-del-entorno-acustico\/\"]}]},{\"@type\":\"ImageObject\",\"inLanguage\":\"es\",\"@id\":\"https:\/\/www.inerco.com\/blog\/estudios-acusticos-como-realizamos-el-analisis-del-entorno-acustico\/#primaryimage\",\"url\":\"https:\/\/www.inerco.com\/blog\/wp-content\/uploads\/2020\/02\/estudios-acusticos-mapa-de-ruido-inerco.jpg\",\"contentUrl\":\"https:\/\/www.inerco.com\/blog\/wp-content\/uploads\/2020\/02\/estudios-acusticos-mapa-de-ruido-inerco.jpg\",\"width\":750,\"height\":500},{\"@type\":\"BreadcrumbList\",\"@id\":\"https:\/\/www.inerco.com\/blog\/estudios-acusticos-como-realizamos-el-analisis-del-entorno-acustico\/#breadcrumb\",\"itemListElement\":[{\"@type\":\"ListItem\",\"position\":1,\"name\":\"Portada\",\"item\":\"https:\/\/www.inerco.com\/blog\/\"},{\"@type\":\"ListItem\",\"position\":2,\"name\":\"Estudios ac\u00fasticos: c\u00f3mo realizamos el an\u00e1lisis del entorno ac\u00fastico\"}]},{\"@type\":\"WebSite\",\"@id\":\"https:\/\/www.inerco.com\/blog\/#website\",\"url\":\"https:\/\/www.inerco.com\/blog\/\",\"name\":\"Claves para el Desarrollo Sostenible\",\"description\":\"El espacio sobre la competitividad, eficiencia y tecnolog\u00eda en los procesos industriales cumpliendo la normativa vigente\",\"potentialAction\":[{\"@type\":\"SearchAction\",\"target\":{\"@type\":\"EntryPoint\",\"urlTemplate\":\"https:\/\/www.inerco.com\/blog\/?s={search_term_string}\"},\"query-input\":{\"@type\":\"PropertyValueSpecification\",\"valueRequired\":true,\"valueName\":\"search_term_string\"}}],\"inLanguage\":\"es\"},{\"@type\":\"Person\",\"@id\":\"https:\/\/www.inerco.com\/blog\/#\/schema\/person\/6b41ca6d241ce966eaef7dc5bcc9f508\",\"name\":\"Miguel Morales Rodr\u00edguez\",\"image\":{\"@type\":\"ImageObject\",\"inLanguage\":\"es\",\"@id\":\"https:\/\/www.inerco.com\/blog\/#\/schema\/person\/image\/\",\"url\":\"https:\/\/secure.gravatar.com\/avatar\/736ed7d597cd902f1e5536eee889bcda?s=96&d=mm&r=g\",\"contentUrl\":\"https:\/\/secure.gravatar.com\/avatar\/736ed7d597cd902f1e5536eee889bcda?s=96&d=mm&r=g\",\"caption\":\"Miguel Morales Rodr\u00edguez\"},\"sameAs\":[\"https:\/\/www.linkedin.com\/in\/mmorales-depuracion-gases\/\"],\"url\":\"https:\/\/www.inerco.com\/blog\/author\/miguel-morales-rodriguez\/\"}]}<\/script>\n<!-- \/ Yoast SEO plugin. -->","yoast_head_json":{"title":"Estudios ac\u00fasticos: c\u00f3mo realizamos el an\u00e1lisis del entorno ac\u00fastico - Claves para el Desarrollo Sostenible","robots":{"index":"index","follow":"follow","max-snippet":"max-snippet:-1","max-image-preview":"max-image-preview:large","max-video-preview":"max-video-preview:-1"},"canonical":"https:\/\/www.inerco.com\/blog\/estudios-acusticos-como-realizamos-el-analisis-del-entorno-acustico\/","og_locale":"es_ES","og_type":"article","og_title":"Estudios ac\u00fasticos: c\u00f3mo realizamos el an\u00e1lisis del entorno ac\u00fastico - Claves para el Desarrollo Sostenible","og_description":"Los l\u00edmites sonoros ambientales est\u00e1n siempre condicionados por una determinada catalogaci\u00f3n ac\u00fastica del uso del suelo, lo que el RD 1367\/07 determina en su Cap\u00edtulo III como \u2018Zonificaci\u00f3n Ac\u00fastica\u2019. Ante esta situaci\u00f3n, a la hora de poner en marcha un proyecto industrial y tener en cuenta los estudios ac\u00fasticos necesarios tenemos una primera decisi\u00f3n que [&hellip;]","og_url":"https:\/\/www.inerco.com\/blog\/estudios-acusticos-como-realizamos-el-analisis-del-entorno-acustico\/","og_site_name":"Claves para el Desarrollo Sostenible","article_published_time":"2020-02-07T12:45:46+00:00","article_modified_time":"2020-02-12T12:54:27+00:00","og_image":[{"width":750,"height":500,"url":"https:\/\/www.inerco.com\/blog\/wp-content\/uploads\/2020\/02\/estudios-acusticos-mapa-de-ruido-inerco.jpg","type":"image\/jpeg"}],"author":"Miguel Morales Rodr\u00edguez","twitter_card":"summary_large_image","twitter_creator":"@Inerco_","twitter_site":"@Inerco_","twitter_misc":{"Escrito por":"Miguel Morales Rodr\u00edguez","Tiempo de lectura":"4 minutos"},"schema":{"@context":"https:\/\/schema.org","@graph":[{"@type":"WebPage","@id":"https:\/\/www.inerco.com\/blog\/estudios-acusticos-como-realizamos-el-analisis-del-entorno-acustico\/","url":"https:\/\/www.inerco.com\/blog\/estudios-acusticos-como-realizamos-el-analisis-del-entorno-acustico\/","name":"Estudios ac\u00fasticos: c\u00f3mo realizamos el an\u00e1lisis del entorno ac\u00fastico - Claves para el Desarrollo Sostenible","isPartOf":{"@id":"https:\/\/www.inerco.com\/blog\/#website"},"primaryImageOfPage":{"@id":"https:\/\/www.inerco.com\/blog\/estudios-acusticos-como-realizamos-el-analisis-del-entorno-acustico\/#primaryimage"},"image":{"@id":"https:\/\/www.inerco.com\/blog\/estudios-acusticos-como-realizamos-el-analisis-del-entorno-acustico\/#primaryimage"},"thumbnailUrl":"https:\/\/www.inerco.com\/blog\/wp-content\/uploads\/2020\/02\/estudios-acusticos-mapa-de-ruido-inerco.jpg","datePublished":"2020-02-07T12:45:46+00:00","dateModified":"2020-02-12T12:54:27+00:00","author":{"@id":"https:\/\/www.inerco.com\/blog\/#\/schema\/person\/6b41ca6d241ce966eaef7dc5bcc9f508"},"breadcrumb":{"@id":"https:\/\/www.inerco.com\/blog\/estudios-acusticos-como-realizamos-el-analisis-del-entorno-acustico\/#breadcrumb"},"inLanguage":"es","potentialAction":[{"@type":"ReadAction","target":["https:\/\/www.inerco.com\/blog\/estudios-acusticos-como-realizamos-el-analisis-del-entorno-acustico\/"]}]},{"@type":"ImageObject","inLanguage":"es","@id":"https:\/\/www.inerco.com\/blog\/estudios-acusticos-como-realizamos-el-analisis-del-entorno-acustico\/#primaryimage","url":"https:\/\/www.inerco.com\/blog\/wp-content\/uploads\/2020\/02\/estudios-acusticos-mapa-de-ruido-inerco.jpg","contentUrl":"https:\/\/www.inerco.com\/blog\/wp-content\/uploads\/2020\/02\/estudios-acusticos-mapa-de-ruido-inerco.jpg","width":750,"height":500},{"@type":"BreadcrumbList","@id":"https:\/\/www.inerco.com\/blog\/estudios-acusticos-como-realizamos-el-analisis-del-entorno-acustico\/#breadcrumb","itemListElement":[{"@type":"ListItem","position":1,"name":"Portada","item":"https:\/\/www.inerco.com\/blog\/"},{"@type":"ListItem","position":2,"name":"Estudios ac\u00fasticos: c\u00f3mo realizamos el an\u00e1lisis del entorno ac\u00fastico"}]},{"@type":"WebSite","@id":"https:\/\/www.inerco.com\/blog\/#website","url":"https:\/\/www.inerco.com\/blog\/","name":"Claves para el Desarrollo Sostenible","description":"El espacio sobre la competitividad, eficiencia y tecnolog\u00eda en los procesos industriales cumpliendo la normativa vigente","potentialAction":[{"@type":"SearchAction","target":{"@type":"EntryPoint","urlTemplate":"https:\/\/www.inerco.com\/blog\/?s={search_term_string}"},"query-input":{"@type":"PropertyValueSpecification","valueRequired":true,"valueName":"search_term_string"}}],"inLanguage":"es"},{"@type":"Person","@id":"https:\/\/www.inerco.com\/blog\/#\/schema\/person\/6b41ca6d241ce966eaef7dc5bcc9f508","name":"Miguel Morales Rodr\u00edguez","image":{"@type":"ImageObject","inLanguage":"es","@id":"https:\/\/www.inerco.com\/blog\/#\/schema\/person\/image\/","url":"https:\/\/secure.gravatar.com\/avatar\/736ed7d597cd902f1e5536eee889bcda?s=96&d=mm&r=g","contentUrl":"https:\/\/secure.gravatar.com\/avatar\/736ed7d597cd902f1e5536eee889bcda?s=96&d=mm&r=g","caption":"Miguel Morales Rodr\u00edguez"},"sameAs":["https:\/\/www.linkedin.com\/in\/mmorales-depuracion-gases\/"],"url":"https:\/\/www.inerco.com\/blog\/author\/miguel-morales-rodriguez\/"}]}},"_links":{"self":[{"href":"https:\/\/www.inerco.com\/blog\/wp-json\/wp\/v2\/posts\/646"}],"collection":[{"href":"https:\/\/www.inerco.com\/blog\/wp-json\/wp\/v2\/posts"}],"about":[{"href":"https:\/\/www.inerco.com\/blog\/wp-json\/wp\/v2\/types\/post"}],"author":[{"embeddable":true,"href":"https:\/\/www.inerco.com\/blog\/wp-json\/wp\/v2\/users\/25"}],"replies":[{"embeddable":true,"href":"https:\/\/www.inerco.com\/blog\/wp-json\/wp\/v2\/comments?post=646"}],"version-history":[{"count":4,"href":"https:\/\/www.inerco.com\/blog\/wp-json\/wp\/v2\/posts\/646\/revisions"}],"predecessor-version":[{"id":693,"href":"https:\/\/www.inerco.com\/blog\/wp-json\/wp\/v2\/posts\/646\/revisions\/693"}],"wp:featuredmedia":[{"embeddable":true,"href":"https:\/\/www.inerco.com\/blog\/wp-json\/wp\/v2\/media\/684"}],"wp:attachment":[{"href":"https:\/\/www.inerco.com\/blog\/wp-json\/wp\/v2\/media?parent=646"}],"wp:term":[{"taxonomy":"category","embeddable":true,"href":"https:\/\/www.inerco.com\/blog\/wp-json\/wp\/v2\/categories?post=646"},{"taxonomy":"post_tag","embeddable":true,"href":"https:\/\/www.inerco.com\/blog\/wp-json\/wp\/v2\/tags?post=646"}],"curies":[{"name":"wp","href":"https:\/\/api.w.org\/{rel}","templated":true}]}}