{"id":489,"date":"2019-10-04T10:00:29","date_gmt":"2019-10-04T09:00:29","guid":{"rendered":"https:\/\/www.inerco.com\/blog\/?p=489"},"modified":"2019-10-25T11:59:38","modified_gmt":"2019-10-25T10:59:38","slug":"compensacion-ambiental","status":"publish","type":"post","link":"https:\/\/www.inerco.com\/blog\/compensacion-ambiental\/","title":{"rendered":"Compensaci\u00f3n ambiental: \u00bfen qu\u00e9 consiste? \u2013 Caso real en Colombia"},"content":{"rendered":"\n<p>El crecimiento no planificado de las industrias es una de las causas de la degradaci\u00f3n de bosques y espacios naturales. La quema indiscriminada de combustibles f\u00f3siles, el agua residual contaminada y la deforestaci\u00f3n son algunas de sus consecuencias. A ra\u00edz de esto<strong>, algunas grandes industrias se han unido en la ejecuci\u00f3n de medidas de compensaci\u00f3n ambiental<\/strong>, con la finalidad de resarcir el impacto generado por este tipo de pr\u00e1cticas.<\/p>\n\n\n\n<p>En INERCO, por ejemplo, hemos llevado a cabo un<a rel=\"noreferrer noopener\" aria-label=\" (abre en una nueva pesta\u00f1a)\" href=\"http:\/\/inercomunicacion.com\/inerco-colombia-desarrolla-el-plan-de-compensacion-ambiental-para-el-parque-nacional-natural-via-parque-isla-de-salamanca\/\" target=\"_blank\"> plan de compensaci\u00f3n ambiental en uno de los parques nacionales m\u00e1s importantes de Colombia, el V\u00eda Parque Isla de Salamanca (VIPIS)<\/a>.<\/p>\n\n\n\n<h2 class=\"wp-block-heading\"><strong>\u00bfQu\u00e9 es una compensaci\u00f3n ambiental?<\/strong><\/h2>\n\n\n\n<p><strong>La compensaci\u00f3n ambiental consiste en el desarrollo y la aplicaci\u00f3n de un conjunto de planes correctivos para subsanar el da\u00f1o generado a los ecosistemas naturales<\/strong>. Da\u00f1os causados por distintas actividades industriales como la deforestaci\u00f3n, la extracci\u00f3n, el desarrollo de infraestructuras, entre otras.<\/p>\n\n\n\n<p><\/p>\n\n\n\n<p style=\"text-align:center\">[cta_hubspot id=469]<\/p>\n\n\n\n<p><\/p>\n\n\n\n<p>De esta manera, mediante la compensaci\u00f3n ecol\u00f3gica es posible mitigar los efectos de dichas pr\u00e1cticas en el medio ambiente.<\/p>\n\n\n\n<h2 class=\"wp-block-heading\"><strong>Tareas que involucra un plan de compensaci\u00f3n ambiental<\/strong><\/h2>\n\n\n\n<p><strong>Un plan de compensaci\u00f3n ambiental busca implementar medidas de restauraci\u00f3n y conservaci\u00f3n en un espacio ecol\u00f3gicamente similar al \u00e1rea afectada.<\/strong> De igual forma, la compensaci\u00f3n ecol\u00f3gica involucra, en lo posible, el uso de medidas de prevenci\u00f3n que disminuyan la magnitud del efecto adverso generado en el lugar en donde se desarrollar\u00e1 alg\u00fan proyecto industrial.<\/p>\n\n\n\n<p>Entre las tareas que involucra la compensaci\u00f3n ambiental, se encuentran las siguientes:&nbsp;<\/p>\n\n\n\n<h3 class=\"wp-block-heading\"><strong>Estudio del proyecto y establecimiento de objetivos<\/strong><\/h3>\n\n\n\n<p><strong>El punto de partida radica en identificar los factores que determinar\u00e1n el plan de acci\u00f3n en la compensaci\u00f3n ambiental<\/strong>. Para ello, primero es necesario estudiar la magnitud del da\u00f1o de la actividad industrial: \u00bfCu\u00e1les son los impactos ambientales no evitables? \u00bfCu\u00e1l es el valor de la p\u00e9rdida ecol\u00f3gica? Al tener estos puntos claros, es posible determinar objetivos precisos.&nbsp;<\/p>\n\n\n\n<h3 class=\"wp-block-heading\"><strong>Planificaci\u00f3n del proyecto de compensaci\u00f3n ambiental<\/strong><\/h3>\n\n\n\n<p>Con base en dichos objetivos, se iniciar\u00e1 la b\u00fasqueda de un espacio ecol\u00f3gicamente equivalente al afectado y se identificar\u00e1 cu\u00e1les son las labores capaces de compensar las p\u00e9rdidas generadas por la actividad industrial. Adem\u00e1s, se evaluar\u00e1n los recursos tecnol\u00f3gicos, t\u00e1cticos y humanos necesarios para ejecutar el proyecto.<\/p>\n\n\n\n<h3 class=\"wp-block-heading\"><strong>Caracterizaci\u00f3n de fauna y flora&nbsp;<\/strong><\/h3>\n\n\n\n<p>Es necesario identificar cu\u00e1l es la fauna y la flora que existe en el lugar que ser\u00e1 compensado y en sus \u00e1reas conexas. Gracias a dicha identificaci\u00f3n, es posible el establecimiento de l\u00edmites funcionales de humedales y <strong>otras variables importantes que se pueden abordar durante la compensaci\u00f3n ambiental<\/strong> para mejorar el ecosistema.<\/p>\n\n\n\n<p>Tambi\u00e9n, al categorizar la fauna, se pueden desarrollar planes de rescate y de posterior relocalizaci\u00f3n, seg\u00fan si es necesario o no.<\/p>\n\n\n\n<h3 class=\"wp-block-heading\"><strong>Rehabilitaci\u00f3n h\u00eddrica<\/strong><\/h3>\n\n\n\n<p>El sistema natural h\u00eddrico en el espacio de la compensaci\u00f3n ambiental debe contar con las condiciones \u00f3ptimas para garantizar el bienestar de la flora y la fauna. Por esto es necesario identificar si <a href=\"https:\/\/www.inerco.com\/blog\/el-agua-en-la-industria\/\" target=\"_blank\" rel=\"noreferrer noopener\" aria-label=\"las aguas (abre en una nueva pesta\u00f1a)\">las aguas<\/a> requieren alg\u00fan tratamiento de recuperaci\u00f3n o higienizaci\u00f3n, o si los canales naturales deben ser limpiados o descongestionados.<\/p>\n\n\n\n<h3 class=\"wp-block-heading\"><strong>Actividades de siembra<\/strong><\/h3>\n\n\n\n<p>Una vez identificada la flora y preparado el espacio, se procede con las <a href=\"https:\/\/www.inerco.com\/blog\/remediacion-de-suelos\/\" target=\"_blank\" rel=\"noreferrer noopener\" aria-label=\"labores de siembra (abre en una nueva pesta\u00f1a)\">labores de siembra<\/a>. Estas se ejecutan de la manera m\u00e1s ecol\u00f3gica posible, evitando o descartando por completo el uso de fertilizantes e implementando en medidas m\u00ednimas el laboreo de los suelos. La siembra promueve la reducci\u00f3n de la erosi\u00f3n del suelo, menor emisi\u00f3n de di\u00f3xido de carbono y previene la contaminaci\u00f3n de las aguas superficiales.<\/p>\n\n\n\n<h3 class=\"wp-block-heading\"><strong>Estrategias conjuntas con comunidades rurales<\/strong><\/h3>\n\n\n\n<p>Las comunidades cercanas o que habitan en el espacio de compensaci\u00f3n ambiental pueden participar activamente en estos proyectos. El objetivo es educar a las personas sobre la sostenibilidad y las pr\u00e1cticas ecol\u00f3gicas, esto no solo ayudar\u00e1 a agilizar procesos como la siembra, sino que tambi\u00e9n <strong>garantizar\u00e1 la conservaci\u00f3n de la labor realizada, una vez culminado el proyecto de compensaci\u00f3n ambiental<\/strong>.&nbsp;<\/p>\n\n\n\n<h2 class=\"wp-block-heading\"><strong>Compensaci\u00f3n ambiental en Colombia: V\u00eda Parque Isla de Salamanca<\/strong><\/h2>\n\n\n\n<p>El <a rel=\"noreferrer noopener\" aria-label=\" (abre en una nueva pesta\u00f1a)\" href=\"http:\/\/www.parquesnacionales.gov.co\/portal\/es\/ecoturismo\/region-caribe\/via-parque-isla-de-salamanca\/\" target=\"_blank\">parque nacional V\u00eda Parque Isla de Salamanca<\/a> es un \u00e1rea de 56.200 hect\u00e1reas que se contempla desde la carretera que comunica a Barranquilla con Santa Marta. La variedad de bosques de manglar, playas y ci\u00e9nagas hicieron que fuera reconocida como uno de los Sitios Ramsar en Colombia.&nbsp;<\/p>\n\n\n\n<p>En este h\u00e1bitat hay, aproximadamente:<\/p>\n\n\n\n<ul class=\"wp-block-list\"><li>98 especies de invertebrados<\/li><li>9 de anfibios<\/li><li>35 de reptiles<\/li><li>33 de mam\u00edferos<\/li><li>199 de aves<\/li><li>Y m\u00e1s de 140 especies de peces,&nbsp;<\/li><\/ul>\n\n\n\n<p>Muchas de las aves son migratorias, motivo por el cual <a rel=\"noreferrer noopener\" aria-label=\" (abre en una nueva pesta\u00f1a)\" href=\"http:\/\/www.colparques.net\/SALAMANCA\" target=\"_blank\">V\u00eda Parque Isla de Salamanca<\/a> es reconocido por ser un \u00c1rea de Importancia Internacional para la Conservaci\u00f3n de Aves (AICA) y se le conoce, adem\u00e1s, como el \u201c<strong>aeropuerto internacional de las aves migratorias<\/strong>\u201d<\/p>\n\n\n\n<p>A pesar de todo ello, la hipersalinizaci\u00f3n del suelo, los incendios y <a rel=\"noreferrer noopener\" aria-label=\" (abre en una nueva pesta\u00f1a)\" href=\"https:\/\/es.mongabay.com\/2018\/06\/via-parque-isla-de-salamanca-colombia\/\" target=\"_blank\">otros&nbsp; acontecimientos<\/a> han afectado considerablemente este h\u00e1bitat. <strong>Esto nos motiv\u00f3 en INERCO a <a rel=\"noreferrer noopener\" aria-label=\" (abre en una nueva pesta\u00f1a)\" href=\"http:\/\/inercomunicacion.com\/inerco-colombia-desarrolla-el-plan-de-compensacion-ambiental-para-el-parque-nacional-natural-via-parque-isla-de-salamanca\/\" target=\"_blank\">desarrollar un plan de compensaci\u00f3n ambiental<\/a><\/strong> en el que originalmente contemplamos 42 hect\u00e1reas del parque, pero que extendimos a m\u00e1s de 120 hect\u00e1reas.&nbsp;<\/p>\n\n\n\n<p> As\u00ed, en <strong>INERCO<\/strong> trabajamos en la rehabilitaci\u00f3n h\u00eddrica de 5.822,78 metros de ca\u00f1os secundarios colmatados, la siembra y restauraci\u00f3n de los manglares. Esto \u00faltimo en colaboraci\u00f3n con las comunidades rurales de la zona.&nbsp;<\/p>\n\n\n\n<p>Los planes de compensaci\u00f3n ambiental desarrollados por<strong> INERCO<\/strong> son un gran aporte que busca contrarrestar los da\u00f1os causados por las industrias. Esto, a su vez, hace que las corporaciones sean conscientes de la magnitud del impacto que generan sus procedimientos, asumiendo la responsabilidad y convirti\u00e9ndose en parte vital de la soluci\u00f3n.  <\/p>\n\n\n\n<p style=\"text-align:center\">[cta_hubspot id=536]<\/p>\n","protected":false},"excerpt":{"rendered":"<p>El crecimiento no planificado de las industrias es una de las causas de la degradaci\u00f3n de bosques y espacios naturales. La quema indiscriminada de combustibles f\u00f3siles, el agua residual contaminada y la deforestaci\u00f3n son algunas de sus consecuencias. A ra\u00edz de esto, algunas grandes industrias se han unido en la ejecuci\u00f3n de medidas de compensaci\u00f3n [&hellip;]<\/p>\n","protected":false},"author":18,"featured_media":491,"comment_status":"open","ping_status":"open","sticky":false,"template":"","format":"standard","meta":{"footnotes":""},"categories":[9],"tags":[],"class_list":["post-489","post","type-post","status-publish","format-standard","has-post-thumbnail","hentry","category-medio-ambiente"],"yoast_head":"<!-- This site is optimized with the Yoast SEO plugin v23.6 - https:\/\/yoast.com\/wordpress\/plugins\/seo\/ -->\n<title>Compensaci\u00f3n ambiental: \u00bfen qu\u00e9 consiste? \u2013 Caso real en Colombia - Claves para el Desarrollo Sostenible<\/title>\n<meta name=\"description\" content=\"Conoce qu\u00e9 es la compensaci\u00f3n ambiental, las fases para su desarrollo y el plan ejecutado por INERCO en el parque nacional V\u00eda Parque Isla de Salamanca.\" \/>\n<meta name=\"robots\" content=\"index, follow, max-snippet:-1, max-image-preview:large, max-video-preview:-1\" \/>\n<link rel=\"canonical\" href=\"https:\/\/www.inerco.com\/blog\/compensacion-ambiental\/\" \/>\n<meta property=\"og:locale\" content=\"es_ES\" \/>\n<meta property=\"og:type\" content=\"article\" \/>\n<meta property=\"og:title\" content=\"Compensaci\u00f3n ambiental: \u00bfen qu\u00e9 consiste? \u2013 Caso real en Colombia - Claves para el Desarrollo Sostenible\" \/>\n<meta property=\"og:description\" content=\"Conoce qu\u00e9 es la compensaci\u00f3n ambiental, las fases para su desarrollo y el plan ejecutado por INERCO en el parque nacional V\u00eda Parque Isla de Salamanca.\" \/>\n<meta property=\"og:url\" content=\"https:\/\/www.inerco.com\/blog\/compensacion-ambiental\/\" \/>\n<meta property=\"og:site_name\" content=\"Claves para el Desarrollo Sostenible\" \/>\n<meta property=\"article:published_time\" content=\"2019-10-04T09:00:29+00:00\" \/>\n<meta property=\"article:modified_time\" content=\"2019-10-25T10:59:38+00:00\" \/>\n<meta property=\"og:image\" content=\"https:\/\/www.inerco.com\/blog\/wp-content\/uploads\/2019\/10\/compensacion-ambiental.jpg\" \/>\n\t<meta property=\"og:image:width\" content=\"1218\" \/>\n\t<meta property=\"og:image:height\" content=\"703\" \/>\n\t<meta property=\"og:image:type\" content=\"image\/jpeg\" \/>\n<meta name=\"author\" content=\"Laura Fern\u00e1ndez Baco\" \/>\n<meta name=\"twitter:card\" content=\"summary_large_image\" \/>\n<meta name=\"twitter:creator\" content=\"@Inerco_\" \/>\n<meta name=\"twitter:site\" content=\"@Inerco_\" \/>\n<meta name=\"twitter:label1\" content=\"Escrito por\" \/>\n\t<meta name=\"twitter:data1\" content=\"Laura Fern\u00e1ndez Baco\" \/>\n\t<meta name=\"twitter:label2\" content=\"Tiempo de lectura\" \/>\n\t<meta name=\"twitter:data2\" content=\"5 minutos\" \/>\n<script type=\"application\/ld+json\" class=\"yoast-schema-graph\">{\"@context\":\"https:\/\/schema.org\",\"@graph\":[{\"@type\":\"WebPage\",\"@id\":\"https:\/\/www.inerco.com\/blog\/compensacion-ambiental\/\",\"url\":\"https:\/\/www.inerco.com\/blog\/compensacion-ambiental\/\",\"name\":\"Compensaci\u00f3n ambiental: \u00bfen qu\u00e9 consiste? \u2013 Caso real en Colombia - Claves para el Desarrollo Sostenible\",\"isPartOf\":{\"@id\":\"https:\/\/www.inerco.com\/blog\/#website\"},\"primaryImageOfPage\":{\"@id\":\"https:\/\/www.inerco.com\/blog\/compensacion-ambiental\/#primaryimage\"},\"image\":{\"@id\":\"https:\/\/www.inerco.com\/blog\/compensacion-ambiental\/#primaryimage\"},\"thumbnailUrl\":\"https:\/\/www.inerco.com\/blog\/wp-content\/uploads\/2019\/10\/compensacion-ambiental.jpg\",\"datePublished\":\"2019-10-04T09:00:29+00:00\",\"dateModified\":\"2019-10-25T10:59:38+00:00\",\"author\":{\"@id\":\"https:\/\/www.inerco.com\/blog\/#\/schema\/person\/d0d0b2c4e6aea1830e6dc6f45620b7c4\"},\"description\":\"Conoce qu\u00e9 es la compensaci\u00f3n ambiental, las fases para su desarrollo y el plan ejecutado por INERCO en el parque nacional V\u00eda Parque Isla de Salamanca.\",\"breadcrumb\":{\"@id\":\"https:\/\/www.inerco.com\/blog\/compensacion-ambiental\/#breadcrumb\"},\"inLanguage\":\"es\",\"potentialAction\":[{\"@type\":\"ReadAction\",\"target\":[\"https:\/\/www.inerco.com\/blog\/compensacion-ambiental\/\"]}]},{\"@type\":\"ImageObject\",\"inLanguage\":\"es\",\"@id\":\"https:\/\/www.inerco.com\/blog\/compensacion-ambiental\/#primaryimage\",\"url\":\"https:\/\/www.inerco.com\/blog\/wp-content\/uploads\/2019\/10\/compensacion-ambiental.jpg\",\"contentUrl\":\"https:\/\/www.inerco.com\/blog\/wp-content\/uploads\/2019\/10\/compensacion-ambiental.jpg\",\"width\":1218,\"height\":703,\"caption\":\"compensaci\u00f3n ambiental\"},{\"@type\":\"BreadcrumbList\",\"@id\":\"https:\/\/www.inerco.com\/blog\/compensacion-ambiental\/#breadcrumb\",\"itemListElement\":[{\"@type\":\"ListItem\",\"position\":1,\"name\":\"Portada\",\"item\":\"https:\/\/www.inerco.com\/blog\/\"},{\"@type\":\"ListItem\",\"position\":2,\"name\":\"Compensaci\u00f3n ambiental: \u00bfen qu\u00e9 consiste? \u2013 Caso real en Colombia\"}]},{\"@type\":\"WebSite\",\"@id\":\"https:\/\/www.inerco.com\/blog\/#website\",\"url\":\"https:\/\/www.inerco.com\/blog\/\",\"name\":\"Claves para el Desarrollo Sostenible\",\"description\":\"El espacio sobre la competitividad, eficiencia y tecnolog\u00eda en los procesos industriales cumpliendo la normativa vigente\",\"potentialAction\":[{\"@type\":\"SearchAction\",\"target\":{\"@type\":\"EntryPoint\",\"urlTemplate\":\"https:\/\/www.inerco.com\/blog\/?s={search_term_string}\"},\"query-input\":{\"@type\":\"PropertyValueSpecification\",\"valueRequired\":true,\"valueName\":\"search_term_string\"}}],\"inLanguage\":\"es\"},{\"@type\":\"Person\",\"@id\":\"https:\/\/www.inerco.com\/blog\/#\/schema\/person\/d0d0b2c4e6aea1830e6dc6f45620b7c4\",\"name\":\"Laura Fern\u00e1ndez Baco\",\"image\":{\"@type\":\"ImageObject\",\"inLanguage\":\"es\",\"@id\":\"https:\/\/www.inerco.com\/blog\/#\/schema\/person\/image\/\",\"url\":\"https:\/\/secure.gravatar.com\/avatar\/a7b223fa13ae896f2ba7756dd77565a3?s=96&d=mm&r=g\",\"contentUrl\":\"https:\/\/secure.gravatar.com\/avatar\/a7b223fa13ae896f2ba7756dd77565a3?s=96&d=mm&r=g\",\"caption\":\"Laura Fern\u00e1ndez Baco\"},\"sameAs\":[\"https:\/\/www.linkedin.com\/in\/laura-fernandez-baco-1067672\/\"],\"url\":\"https:\/\/www.inerco.com\/blog\/author\/laura-fernandez-baco\/\"}]}<\/script>\n<!-- \/ Yoast SEO plugin. -->","yoast_head_json":{"title":"Compensaci\u00f3n ambiental: \u00bfen qu\u00e9 consiste? \u2013 Caso real en Colombia - Claves para el Desarrollo Sostenible","description":"Conoce qu\u00e9 es la compensaci\u00f3n ambiental, las fases para su desarrollo y el plan ejecutado por INERCO en el parque nacional V\u00eda Parque Isla de Salamanca.","robots":{"index":"index","follow":"follow","max-snippet":"max-snippet:-1","max-image-preview":"max-image-preview:large","max-video-preview":"max-video-preview:-1"},"canonical":"https:\/\/www.inerco.com\/blog\/compensacion-ambiental\/","og_locale":"es_ES","og_type":"article","og_title":"Compensaci\u00f3n ambiental: \u00bfen qu\u00e9 consiste? \u2013 Caso real en Colombia - Claves para el Desarrollo Sostenible","og_description":"Conoce qu\u00e9 es la compensaci\u00f3n ambiental, las fases para su desarrollo y el plan ejecutado por INERCO en el parque nacional V\u00eda Parque Isla de Salamanca.","og_url":"https:\/\/www.inerco.com\/blog\/compensacion-ambiental\/","og_site_name":"Claves para el Desarrollo Sostenible","article_published_time":"2019-10-04T09:00:29+00:00","article_modified_time":"2019-10-25T10:59:38+00:00","og_image":[{"width":1218,"height":703,"url":"https:\/\/www.inerco.com\/blog\/wp-content\/uploads\/2019\/10\/compensacion-ambiental.jpg","type":"image\/jpeg"}],"author":"Laura Fern\u00e1ndez Baco","twitter_card":"summary_large_image","twitter_creator":"@Inerco_","twitter_site":"@Inerco_","twitter_misc":{"Escrito por":"Laura Fern\u00e1ndez Baco","Tiempo de lectura":"5 minutos"},"schema":{"@context":"https:\/\/schema.org","@graph":[{"@type":"WebPage","@id":"https:\/\/www.inerco.com\/blog\/compensacion-ambiental\/","url":"https:\/\/www.inerco.com\/blog\/compensacion-ambiental\/","name":"Compensaci\u00f3n ambiental: \u00bfen qu\u00e9 consiste? \u2013 Caso real en Colombia - Claves para el Desarrollo Sostenible","isPartOf":{"@id":"https:\/\/www.inerco.com\/blog\/#website"},"primaryImageOfPage":{"@id":"https:\/\/www.inerco.com\/blog\/compensacion-ambiental\/#primaryimage"},"image":{"@id":"https:\/\/www.inerco.com\/blog\/compensacion-ambiental\/#primaryimage"},"thumbnailUrl":"https:\/\/www.inerco.com\/blog\/wp-content\/uploads\/2019\/10\/compensacion-ambiental.jpg","datePublished":"2019-10-04T09:00:29+00:00","dateModified":"2019-10-25T10:59:38+00:00","author":{"@id":"https:\/\/www.inerco.com\/blog\/#\/schema\/person\/d0d0b2c4e6aea1830e6dc6f45620b7c4"},"description":"Conoce qu\u00e9 es la compensaci\u00f3n ambiental, las fases para su desarrollo y el plan ejecutado por INERCO en el parque nacional V\u00eda Parque Isla de Salamanca.","breadcrumb":{"@id":"https:\/\/www.inerco.com\/blog\/compensacion-ambiental\/#breadcrumb"},"inLanguage":"es","potentialAction":[{"@type":"ReadAction","target":["https:\/\/www.inerco.com\/blog\/compensacion-ambiental\/"]}]},{"@type":"ImageObject","inLanguage":"es","@id":"https:\/\/www.inerco.com\/blog\/compensacion-ambiental\/#primaryimage","url":"https:\/\/www.inerco.com\/blog\/wp-content\/uploads\/2019\/10\/compensacion-ambiental.jpg","contentUrl":"https:\/\/www.inerco.com\/blog\/wp-content\/uploads\/2019\/10\/compensacion-ambiental.jpg","width":1218,"height":703,"caption":"compensaci\u00f3n ambiental"},{"@type":"BreadcrumbList","@id":"https:\/\/www.inerco.com\/blog\/compensacion-ambiental\/#breadcrumb","itemListElement":[{"@type":"ListItem","position":1,"name":"Portada","item":"https:\/\/www.inerco.com\/blog\/"},{"@type":"ListItem","position":2,"name":"Compensaci\u00f3n ambiental: \u00bfen qu\u00e9 consiste? \u2013 Caso real en Colombia"}]},{"@type":"WebSite","@id":"https:\/\/www.inerco.com\/blog\/#website","url":"https:\/\/www.inerco.com\/blog\/","name":"Claves para el Desarrollo Sostenible","description":"El espacio sobre la competitividad, eficiencia y tecnolog\u00eda en los procesos industriales cumpliendo la normativa vigente","potentialAction":[{"@type":"SearchAction","target":{"@type":"EntryPoint","urlTemplate":"https:\/\/www.inerco.com\/blog\/?s={search_term_string}"},"query-input":{"@type":"PropertyValueSpecification","valueRequired":true,"valueName":"search_term_string"}}],"inLanguage":"es"},{"@type":"Person","@id":"https:\/\/www.inerco.com\/blog\/#\/schema\/person\/d0d0b2c4e6aea1830e6dc6f45620b7c4","name":"Laura Fern\u00e1ndez Baco","image":{"@type":"ImageObject","inLanguage":"es","@id":"https:\/\/www.inerco.com\/blog\/#\/schema\/person\/image\/","url":"https:\/\/secure.gravatar.com\/avatar\/a7b223fa13ae896f2ba7756dd77565a3?s=96&d=mm&r=g","contentUrl":"https:\/\/secure.gravatar.com\/avatar\/a7b223fa13ae896f2ba7756dd77565a3?s=96&d=mm&r=g","caption":"Laura Fern\u00e1ndez Baco"},"sameAs":["https:\/\/www.linkedin.com\/in\/laura-fernandez-baco-1067672\/"],"url":"https:\/\/www.inerco.com\/blog\/author\/laura-fernandez-baco\/"}]}},"_links":{"self":[{"href":"https:\/\/www.inerco.com\/blog\/wp-json\/wp\/v2\/posts\/489"}],"collection":[{"href":"https:\/\/www.inerco.com\/blog\/wp-json\/wp\/v2\/posts"}],"about":[{"href":"https:\/\/www.inerco.com\/blog\/wp-json\/wp\/v2\/types\/post"}],"author":[{"embeddable":true,"href":"https:\/\/www.inerco.com\/blog\/wp-json\/wp\/v2\/users\/18"}],"replies":[{"embeddable":true,"href":"https:\/\/www.inerco.com\/blog\/wp-json\/wp\/v2\/comments?post=489"}],"version-history":[{"count":4,"href":"https:\/\/www.inerco.com\/blog\/wp-json\/wp\/v2\/posts\/489\/revisions"}],"predecessor-version":[{"id":564,"href":"https:\/\/www.inerco.com\/blog\/wp-json\/wp\/v2\/posts\/489\/revisions\/564"}],"wp:featuredmedia":[{"embeddable":true,"href":"https:\/\/www.inerco.com\/blog\/wp-json\/wp\/v2\/media\/491"}],"wp:attachment":[{"href":"https:\/\/www.inerco.com\/blog\/wp-json\/wp\/v2\/media?parent=489"}],"wp:term":[{"taxonomy":"category","embeddable":true,"href":"https:\/\/www.inerco.com\/blog\/wp-json\/wp\/v2\/categories?post=489"},{"taxonomy":"post_tag","embeddable":true,"href":"https:\/\/www.inerco.com\/blog\/wp-json\/wp\/v2\/tags?post=489"}],"curies":[{"name":"wp","href":"https:\/\/api.w.org\/{rel}","templated":true}]}}